{"id":3723,"date":"2019-01-19T10:46:27","date_gmt":"2019-01-19T10:46:27","guid":{"rendered":"http:\/\/www.kildare.ie\/ehistory\/?p=3723"},"modified":"2025-10-29T17:55:32","modified_gmt":"2025-10-29T17:55:32","slug":"1919-the-first-dail-eireann","status":"publish","type":"post","link":"https:\/\/kildarelibraries.ie\/ehistory\/1919-the-first-dail-eireann\/","title":{"rendered":"1919: THE FIRST DAIL EIREANN"},"content":{"rendered":"<p><strong>The First D\u00e1il \u00c9ireann. 100 Years ago.<\/strong><\/p>\n<p>On 21 January 1919, at 3.30 p.m, D\u00e1il \u00c9ireann sat in session for the very first time in a packed Mansion House, in Dawson Street, Dublin. Cathal Brugha, as the newly elected TD for Waterford, was proposed and seconded as Ceann Comhairle or Speaker. Having emphasised the important work which lay before the D\u00e1il and asking Rev. Fr. Michael O\u2019Flanagan to give a blessing, Brugha called the roll of TDs for the island. Of the seventy-three Sinn F\u00e9in elected members of the new Irish parliament, not all were present on this momentous day. The names of those absent was answered by the reply \u2018faoi ghlas ag na Gaill\u2019 or \u2018locked up by the foreigners\u2019. Kildare South\u2019s newly elected TD Art O\u2019Connor, was imprisoned in Dartmoor Jail, while Domhnall Ua Buachalla, TD for North Kildare, took his seat as the inaugural D\u00e1il went into session.<\/p>\n<p><strong><em>Leinster Leader<\/em> 25 January 1921<\/strong><\/p>\n<p><strong>AN DAIL EIREANN<\/strong><\/p>\n<p>An Dail Eireann assembled in the Mansion House, Dublin, on Thursday and the public were admitted by ticket in large numbers. The proceedings were conducted in Irish. Mr. Cathal Brugha was elected chairman. The members present rose in a body and subscribed to a declaration of complete independence for Ireland, an appeal to the free nations, and asked for recognition of Ireland\u2019s national status, the assembly outlining its democratic programme. Count Plunkett, Mr. de Valera and Mr. Griffith were appointed delegates to the Peace Conference. Mr. Ian McPherson, Chief Secretary, was present on the afternoon at a conference in Dublin attended by the Lord Lieutenant, the Lord Chancellor, the Commander in Chief in Ireland, Mr. McMahon, the Attorney-General and the Solicitor-General.<\/p>\n<p>Mr. Sean T. Kelly proposed the temporary Constitution of the Dail as follows:-<\/p>\n<p>First Article \u2013 The Dail Eireann shall have full legislative powers and shall consist of a teacti elected by the people of Ireland from the existing constituencies.<\/p>\n<p>Second Article \u2013 (1) Full executive power shall reside in the Ministry.<\/p>\n<p>(2) The Ministry shall consist of a Prime Minister selected by the Dail Eireann and 4 other Ministers namely \u2013 Minister of Finance,, Minister for Home Affairs, Minister for Foreign Affairs, and Minister of Defence. The prime Minister shall nominate the four others and shall have the power to deprive them of office.<\/p>\n<p>(3) Every minister must be a member of the Dail and shall always be responsible to the Dail.<\/p>\n<p>(4) The names of the Ministers must be submitted for confirmation to the Dail at the first meeting after their selection by the Prime Minister.<\/p>\n<p>(5) The prime Minister shall be in power from teh time of his selection and the other Ministers shall be in power as soon as their appointment has been ratified by the Dail.<\/p>\n<p>(6) The Dail shall have the power to deprive the Ministers, or any one of them of office by vote on a resolution in writing for that purpose submitted on seven days\u2019 notice.<\/p>\n<p><strong>THE SPEAKER<\/strong><\/p>\n<p>Third Article \u2013 A Ceann Comhairle (Speaker) shall be selected for the year by the Dail on a substitute if he is not present, this officer to preside at the meetings of the Dail. Only members of the Dail shall be eligible for this office. If the Ceann Comhairle or his substitute is not present the Dail shall select a temporary Ceann Comhairle.<\/p>\n<p>Fourth Article \u2013 The Ministry shall receive whatever monies they require by vote of the Dail. The Ministry will be responsible to the Dail for the monies voted and they will submit audited statements of expenditure to the Dail twice in the year, In November and May. An auditor, or auditors elected by the Dail shall audit the accounts. No member of the Dail shall be eligible for selection as auditor.<\/p>\n<p><strong>A TEMPORARY CONSTITUTION<\/strong><\/p>\n<p>Fifth Article \u2013 this is a temporary constitution and can be changed by written resolution submitted for this purpose on 7 days notice.<\/p>\n<p>Continuing, Mr. Kelly said the Constitution was a very simple one, and as all the members of the Dail had already got it in their hands it did not require any long advocacy from him. They were sufficient for the time being for the purpose which the Dail held in view.<\/p>\n<p>Sean O hAodha seconded the motion, which was unanimously carried.<\/p>\n<p><strong>DECLARATION OF INDEPENDENCE<\/strong><\/p>\n<p>The Chairman then read in Irish the Declaration of Independence.<\/p>\n<p>The Declaration was read in English by Mr. E. J. Duggan and in French by Mr. Gavan Duffy.<\/p>\n<p><strong>THE PEACE CONFERENCE<\/strong><\/p>\n<p>On the motion of Mr. P. O\u2019Maillie, seconded by Dr. Ryan, the following were appointed delegates to the Peace Conference:- Eamonn de Valera, Arthur Griffith and Count Plunkett.<\/p>\n<p>The Assembly has been sitting in private during the week.<\/p>\n","protected":false},"excerpt":{"rendered":"<p>The First D\u00e1il \u00c9ireann. 100 Years ago. On 21 January 1919, at 3.30 p.m, D\u00e1il \u00c9ireann sat in session for the very first time in a packed Mansion House, in Dawson Street, Dublin. Cathal Brugha, as the newly elected TD for Waterford, was proposed and seconded as Ceann Comhairle or Speaker. Having emphasised the important [&hellip;]<\/p>\n","protected":false},"author":12,"featured_media":0,"comment_status":"closed","ping_status":"closed","sticky":false,"template":"","format":"standard","meta":{"footnotes":""},"categories":[21],"tags":[],"class_list":["post-3723","post","type-post","status-publish","format-standard","hentry","category-decade-of-centenaries"],"blocksy_meta":[],"featured_image_src":null,"featured_image_src_square":null,"author_info":{"display_name":"Kildare Local Studies","author_link":"https:\/\/kildarelibraries.ie\/ehistory\/author\/localstudies\/"},"_links":{"self":[{"href":"https:\/\/kildarelibraries.ie\/ehistory\/wp-json\/wp\/v2\/posts\/3723","targetHints":{"allow":["GET"]}}],"collection":[{"href":"https:\/\/kildarelibraries.ie\/ehistory\/wp-json\/wp\/v2\/posts"}],"about":[{"href":"https:\/\/kildarelibraries.ie\/ehistory\/wp-json\/wp\/v2\/types\/post"}],"author":[{"embeddable":true,"href":"https:\/\/kildarelibraries.ie\/ehistory\/wp-json\/wp\/v2\/users\/12"}],"replies":[{"embeddable":true,"href":"https:\/\/kildarelibraries.ie\/ehistory\/wp-json\/wp\/v2\/comments?post=3723"}],"version-history":[{"count":1,"href":"https:\/\/kildarelibraries.ie\/ehistory\/wp-json\/wp\/v2\/posts\/3723\/revisions"}],"predecessor-version":[{"id":8130,"href":"https:\/\/kildarelibraries.ie\/ehistory\/wp-json\/wp\/v2\/posts\/3723\/revisions\/8130"}],"wp:attachment":[{"href":"https:\/\/kildarelibraries.ie\/ehistory\/wp-json\/wp\/v2\/media?parent=3723"}],"wp:term":[{"taxonomy":"category","embeddable":true,"href":"https:\/\/kildarelibraries.ie\/ehistory\/wp-json\/wp\/v2\/categories?post=3723"},{"taxonomy":"post_tag","embeddable":true,"href":"https:\/\/kildarelibraries.ie\/ehistory\/wp-json\/wp\/v2\/tags?post=3723"}],"curies":[{"name":"wp","href":"https:\/\/api.w.org\/{rel}","templated":true}]}}